{"id":993,"date":"2023-01-23T20:04:19","date_gmt":"2023-01-23T20:04:19","guid":{"rendered":"https:\/\/vsgross-schoenau.ac.at\/wordpress\/?p=993"},"modified":"2023-01-23T20:04:19","modified_gmt":"2023-01-23T20:04:19","slug":"neue-tablets-fuer-die-volksschule-grossschoenau","status":"publish","type":"post","link":"https:\/\/vsgross-schoenau.ac.at\/wordpress\/?p=993","title":{"rendered":"Neue Tablets f\u00fcr die Volksschule Gro\u00dfsch\u00f6nau!"},"content":{"rendered":"\n<p>Die letzten Jahre haben in den Schulen zu einem sp\u00fcrbaren Digitalisierungsschub gef\u00fchrt. An der Volksschule Gro\u00dfsch\u00f6nau ist \u201eDigitales Lernen\u201c im Unterricht ebenfalls zu einem wichtigen Thema geworden. Der B\u00fcrgermeister von Gro\u00dfsch\u00f6nau, Martin Bruckner zeigt sich erfreut: \u201eMich freut es au\u00dferordentlich, dass seitens der Schule, der Wunsch nach Tablets, an mich herangetragen wurde.\u201c<\/p>\n\n\n\n<p>So wurden insgesamt 19 Tablets f\u00fcr die Kinder der Schule angekauft, die nun im Unterricht verwendet werden. Direktorin Petra Zimmermann-Moser freut sich ebenfalls: \u201eDigitale Medien sollten auch in der Schule ein wichtiger Bestandteil sein. Die Lehrerinnen wollen unseren Sch\u00fclerinnen und Sch\u00fclern einen modernen Unterricht bieten.\u201c<\/p>\n\n\n\n<figure class=\"wp-block-image size-large\"><img loading=\"lazy\" decoding=\"async\" width=\"768\" height=\"1024\" src=\"https:\/\/vsgross-schoenau.ac.at\/wordpress\/wp-content\/uploads\/2023\/01\/image001-768x1024.jpg\" alt=\"\" class=\"wp-image-994\" srcset=\"https:\/\/vsgross-schoenau.ac.at\/wordpress\/wp-content\/uploads\/2023\/01\/image001-768x1024.jpg 768w, https:\/\/vsgross-schoenau.ac.at\/wordpress\/wp-content\/uploads\/2023\/01\/image001-225x300.jpg 225w, https:\/\/vsgross-schoenau.ac.at\/wordpress\/wp-content\/uploads\/2023\/01\/image001-1152x1536.jpg 1152w, https:\/\/vsgross-schoenau.ac.at\/wordpress\/wp-content\/uploads\/2023\/01\/image001.jpg 1512w\" sizes=\"auto, (max-width: 768px) 100vw, 768px\" \/><\/figure>\n\n\n\n<figure class=\"wp-block-image size-large\"><img loading=\"lazy\" decoding=\"async\" width=\"1024\" height=\"768\" src=\"https:\/\/vsgross-schoenau.ac.at\/wordpress\/wp-content\/uploads\/2023\/01\/IMG_7294-1024x768.jpg\" alt=\"\" class=\"wp-image-995\" srcset=\"https:\/\/vsgross-schoenau.ac.at\/wordpress\/wp-content\/uploads\/2023\/01\/IMG_7294-1024x768.jpg 1024w, https:\/\/vsgross-schoenau.ac.at\/wordpress\/wp-content\/uploads\/2023\/01\/IMG_7294-300x225.jpg 300w, https:\/\/vsgross-schoenau.ac.at\/wordpress\/wp-content\/uploads\/2023\/01\/IMG_7294-768x576.jpg 768w, https:\/\/vsgross-schoenau.ac.at\/wordpress\/wp-content\/uploads\/2023\/01\/IMG_7294-1536x1152.jpg 1536w, https:\/\/vsgross-schoenau.ac.at\/wordpress\/wp-content\/uploads\/2023\/01\/IMG_7294.jpg 2016w\" sizes=\"auto, (max-width: 1024px) 100vw, 1024px\" \/><\/figure>\n","protected":false},"excerpt":{"rendered":"<p>Die letzten Jahre haben in den Schulen zu einem sp\u00fcrbaren Digitalisierungsschub gef\u00fchrt. An der Volksschule Gro\u00dfsch\u00f6nau ist \u201eDigitales Lernen\u201c im Unterricht ebenfalls zu einem wichtigen Thema geworden. Der B\u00fcrgermeister von Gro\u00dfsch\u00f6nau, Martin Bruckner zeigt sich erfreut: \u201eMich freut es au\u00dferordentlich, [&hellip;]<\/p>\n","protected":false},"author":1,"featured_media":995,"comment_status":"closed","ping_status":"closed","sticky":false,"template":"","format":"standard","meta":{"footnotes":""},"categories":[18],"tags":[],"class_list":["post-993","post","type-post","status-publish","format-standard","has-post-thumbnail","hentry","category-schuljahr-2022-2023"],"_links":{"self":[{"href":"https:\/\/vsgross-schoenau.ac.at\/wordpress\/index.php?rest_route=\/wp\/v2\/posts\/993","targetHints":{"allow":["GET"]}}],"collection":[{"href":"https:\/\/vsgross-schoenau.ac.at\/wordpress\/index.php?rest_route=\/wp\/v2\/posts"}],"about":[{"href":"https:\/\/vsgross-schoenau.ac.at\/wordpress\/index.php?rest_route=\/wp\/v2\/types\/post"}],"author":[{"embeddable":true,"href":"https:\/\/vsgross-schoenau.ac.at\/wordpress\/index.php?rest_route=\/wp\/v2\/users\/1"}],"replies":[{"embeddable":true,"href":"https:\/\/vsgross-schoenau.ac.at\/wordpress\/index.php?rest_route=%2Fwp%2Fv2%2Fcomments&post=993"}],"version-history":[{"count":2,"href":"https:\/\/vsgross-schoenau.ac.at\/wordpress\/index.php?rest_route=\/wp\/v2\/posts\/993\/revisions"}],"predecessor-version":[{"id":997,"href":"https:\/\/vsgross-schoenau.ac.at\/wordpress\/index.php?rest_route=\/wp\/v2\/posts\/993\/revisions\/997"}],"wp:featuredmedia":[{"embeddable":true,"href":"https:\/\/vsgross-schoenau.ac.at\/wordpress\/index.php?rest_route=\/wp\/v2\/media\/995"}],"wp:attachment":[{"href":"https:\/\/vsgross-schoenau.ac.at\/wordpress\/index.php?rest_route=%2Fwp%2Fv2%2Fmedia&parent=993"}],"wp:term":[{"taxonomy":"category","embeddable":true,"href":"https:\/\/vsgross-schoenau.ac.at\/wordpress\/index.php?rest_route=%2Fwp%2Fv2%2Fcategories&post=993"},{"taxonomy":"post_tag","embeddable":true,"href":"https:\/\/vsgross-schoenau.ac.at\/wordpress\/index.php?rest_route=%2Fwp%2Fv2%2Ftags&post=993"}],"curies":[{"name":"wp","href":"https:\/\/api.w.org\/{rel}","templated":true}]}}