{"id":915,"date":"2022-11-23T19:30:01","date_gmt":"2022-11-23T19:30:01","guid":{"rendered":"https:\/\/vsgross-schoenau.ac.at\/wordpress\/?p=915"},"modified":"2022-11-23T19:30:20","modified_gmt":"2022-11-23T19:30:20","slug":"st-poelten","status":"publish","type":"post","link":"https:\/\/vsgross-schoenau.ac.at\/wordpress\/?p=915","title":{"rendered":"St. P\u00f6lten"},"content":{"rendered":"\n<p>Die 3. Klasse (3.\/4. Schulstufe) besuchte im November unsere Landeshauptstadt. Zuerst gab es eine F\u00fchrung durch die sch\u00f6ne Altstadt von Sankt P\u00f6lten und danach wurde den Kindern noch das Regierungsviertel gezeigt. Die Kinder waren vom Ausflug begeistert.<\/p>\n\n\n\n<figure class=\"wp-block-gallery columns-1 is-cropped wp-block-gallery-1 is-layout-flex wp-block-gallery-is-layout-flex\"><ul class=\"blocks-gallery-grid\"><li class=\"blocks-gallery-item\"><figure><img loading=\"lazy\" decoding=\"async\" width=\"768\" height=\"1024\" src=\"https:\/\/vsgross-schoenau.ac.at\/wordpress\/wp-content\/uploads\/2022\/11\/image001-768x1024.jpg\" alt=\"\" data-id=\"916\" data-full-url=\"https:\/\/vsgross-schoenau.ac.at\/wordpress\/wp-content\/uploads\/2022\/11\/image001.jpg\" data-link=\"https:\/\/vsgross-schoenau.ac.at\/wordpress\/?attachment_id=916#main\" class=\"wp-image-916\" srcset=\"https:\/\/vsgross-schoenau.ac.at\/wordpress\/wp-content\/uploads\/2022\/11\/image001-768x1024.jpg 768w, https:\/\/vsgross-schoenau.ac.at\/wordpress\/wp-content\/uploads\/2022\/11\/image001-225x300.jpg 225w, https:\/\/vsgross-schoenau.ac.at\/wordpress\/wp-content\/uploads\/2022\/11\/image001-1152x1536.jpg 1152w, https:\/\/vsgross-schoenau.ac.at\/wordpress\/wp-content\/uploads\/2022\/11\/image001.jpg 1512w\" sizes=\"auto, (max-width: 768px) 100vw, 768px\" \/><\/figure><\/li><li class=\"blocks-gallery-item\"><figure><img loading=\"lazy\" decoding=\"async\" width=\"1024\" height=\"768\" src=\"https:\/\/vsgross-schoenau.ac.at\/wordpress\/wp-content\/uploads\/2022\/11\/IMG_1715-1024x768.jpg\" alt=\"\" data-id=\"917\" data-full-url=\"https:\/\/vsgross-schoenau.ac.at\/wordpress\/wp-content\/uploads\/2022\/11\/IMG_1715.jpg\" data-link=\"https:\/\/vsgross-schoenau.ac.at\/wordpress\/?attachment_id=917#main\" class=\"wp-image-917\" srcset=\"https:\/\/vsgross-schoenau.ac.at\/wordpress\/wp-content\/uploads\/2022\/11\/IMG_1715-1024x768.jpg 1024w, https:\/\/vsgross-schoenau.ac.at\/wordpress\/wp-content\/uploads\/2022\/11\/IMG_1715-300x225.jpg 300w, https:\/\/vsgross-schoenau.ac.at\/wordpress\/wp-content\/uploads\/2022\/11\/IMG_1715-768x576.jpg 768w, https:\/\/vsgross-schoenau.ac.at\/wordpress\/wp-content\/uploads\/2022\/11\/IMG_1715-1536x1152.jpg 1536w, https:\/\/vsgross-schoenau.ac.at\/wordpress\/wp-content\/uploads\/2022\/11\/IMG_1715.jpg 2016w\" sizes=\"auto, (max-width: 1024px) 100vw, 1024px\" \/><\/figure><\/li><li class=\"blocks-gallery-item\"><figure><img loading=\"lazy\" decoding=\"async\" width=\"1024\" height=\"768\" src=\"https:\/\/vsgross-schoenau.ac.at\/wordpress\/wp-content\/uploads\/2022\/11\/IMG_1717-1024x768.jpg\" alt=\"\" data-id=\"918\" data-full-url=\"https:\/\/vsgross-schoenau.ac.at\/wordpress\/wp-content\/uploads\/2022\/11\/IMG_1717.jpg\" data-link=\"https:\/\/vsgross-schoenau.ac.at\/wordpress\/?attachment_id=918#main\" class=\"wp-image-918\" srcset=\"https:\/\/vsgross-schoenau.ac.at\/wordpress\/wp-content\/uploads\/2022\/11\/IMG_1717-1024x768.jpg 1024w, https:\/\/vsgross-schoenau.ac.at\/wordpress\/wp-content\/uploads\/2022\/11\/IMG_1717-300x225.jpg 300w, https:\/\/vsgross-schoenau.ac.at\/wordpress\/wp-content\/uploads\/2022\/11\/IMG_1717-768x576.jpg 768w, https:\/\/vsgross-schoenau.ac.at\/wordpress\/wp-content\/uploads\/2022\/11\/IMG_1717-1536x1152.jpg 1536w, https:\/\/vsgross-schoenau.ac.at\/wordpress\/wp-content\/uploads\/2022\/11\/IMG_1717.jpg 2016w\" sizes=\"auto, (max-width: 1024px) 100vw, 1024px\" \/><\/figure><\/li><li class=\"blocks-gallery-item\"><figure><img loading=\"lazy\" decoding=\"async\" width=\"1024\" height=\"768\" src=\"https:\/\/vsgross-schoenau.ac.at\/wordpress\/wp-content\/uploads\/2022\/11\/IMG_1721-1024x768.jpg\" alt=\"\" data-id=\"919\" data-full-url=\"https:\/\/vsgross-schoenau.ac.at\/wordpress\/wp-content\/uploads\/2022\/11\/IMG_1721.jpg\" data-link=\"https:\/\/vsgross-schoenau.ac.at\/wordpress\/?attachment_id=919#main\" class=\"wp-image-919\" srcset=\"https:\/\/vsgross-schoenau.ac.at\/wordpress\/wp-content\/uploads\/2022\/11\/IMG_1721-1024x768.jpg 1024w, https:\/\/vsgross-schoenau.ac.at\/wordpress\/wp-content\/uploads\/2022\/11\/IMG_1721-300x225.jpg 300w, https:\/\/vsgross-schoenau.ac.at\/wordpress\/wp-content\/uploads\/2022\/11\/IMG_1721-768x576.jpg 768w, https:\/\/vsgross-schoenau.ac.at\/wordpress\/wp-content\/uploads\/2022\/11\/IMG_1721-1536x1152.jpg 1536w, https:\/\/vsgross-schoenau.ac.at\/wordpress\/wp-content\/uploads\/2022\/11\/IMG_1721.jpg 2016w\" sizes=\"auto, (max-width: 1024px) 100vw, 1024px\" \/><\/figure><\/li><li class=\"blocks-gallery-item\"><figure><img loading=\"lazy\" decoding=\"async\" width=\"1024\" height=\"768\" src=\"https:\/\/vsgross-schoenau.ac.at\/wordpress\/wp-content\/uploads\/2022\/11\/IMG_1730-1024x768.jpg\" alt=\"\" data-id=\"920\" data-full-url=\"https:\/\/vsgross-schoenau.ac.at\/wordpress\/wp-content\/uploads\/2022\/11\/IMG_1730.jpg\" data-link=\"https:\/\/vsgross-schoenau.ac.at\/wordpress\/?attachment_id=920#main\" class=\"wp-image-920\" srcset=\"https:\/\/vsgross-schoenau.ac.at\/wordpress\/wp-content\/uploads\/2022\/11\/IMG_1730-1024x768.jpg 1024w, https:\/\/vsgross-schoenau.ac.at\/wordpress\/wp-content\/uploads\/2022\/11\/IMG_1730-300x225.jpg 300w, https:\/\/vsgross-schoenau.ac.at\/wordpress\/wp-content\/uploads\/2022\/11\/IMG_1730-768x576.jpg 768w, https:\/\/vsgross-schoenau.ac.at\/wordpress\/wp-content\/uploads\/2022\/11\/IMG_1730-1536x1152.jpg 1536w, https:\/\/vsgross-schoenau.ac.at\/wordpress\/wp-content\/uploads\/2022\/11\/IMG_1730.jpg 2016w\" sizes=\"auto, (max-width: 1024px) 100vw, 1024px\" \/><\/figure><\/li><\/ul><\/figure>\n","protected":false},"excerpt":{"rendered":"<p>Die 3. Klasse (3.\/4. Schulstufe) besuchte im November unsere Landeshauptstadt. Zuerst gab es eine F\u00fchrung durch die sch\u00f6ne Altstadt von Sankt P\u00f6lten und danach wurde den Kindern noch das Regierungsviertel gezeigt. Die Kinder waren vom Ausflug begeistert.<\/p>\n","protected":false},"author":1,"featured_media":919,"comment_status":"closed","ping_status":"closed","sticky":false,"template":"","format":"standard","meta":{"footnotes":""},"categories":[18],"tags":[],"class_list":["post-915","post","type-post","status-publish","format-standard","has-post-thumbnail","hentry","category-schuljahr-2022-2023"],"_links":{"self":[{"href":"https:\/\/vsgross-schoenau.ac.at\/wordpress\/index.php?rest_route=\/wp\/v2\/posts\/915","targetHints":{"allow":["GET"]}}],"collection":[{"href":"https:\/\/vsgross-schoenau.ac.at\/wordpress\/index.php?rest_route=\/wp\/v2\/posts"}],"about":[{"href":"https:\/\/vsgross-schoenau.ac.at\/wordpress\/index.php?rest_route=\/wp\/v2\/types\/post"}],"author":[{"embeddable":true,"href":"https:\/\/vsgross-schoenau.ac.at\/wordpress\/index.php?rest_route=\/wp\/v2\/users\/1"}],"replies":[{"embeddable":true,"href":"https:\/\/vsgross-schoenau.ac.at\/wordpress\/index.php?rest_route=%2Fwp%2Fv2%2Fcomments&post=915"}],"version-history":[{"count":1,"href":"https:\/\/vsgross-schoenau.ac.at\/wordpress\/index.php?rest_route=\/wp\/v2\/posts\/915\/revisions"}],"predecessor-version":[{"id":921,"href":"https:\/\/vsgross-schoenau.ac.at\/wordpress\/index.php?rest_route=\/wp\/v2\/posts\/915\/revisions\/921"}],"wp:featuredmedia":[{"embeddable":true,"href":"https:\/\/vsgross-schoenau.ac.at\/wordpress\/index.php?rest_route=\/wp\/v2\/media\/919"}],"wp:attachment":[{"href":"https:\/\/vsgross-schoenau.ac.at\/wordpress\/index.php?rest_route=%2Fwp%2Fv2%2Fmedia&parent=915"}],"wp:term":[{"taxonomy":"category","embeddable":true,"href":"https:\/\/vsgross-schoenau.ac.at\/wordpress\/index.php?rest_route=%2Fwp%2Fv2%2Fcategories&post=915"},{"taxonomy":"post_tag","embeddable":true,"href":"https:\/\/vsgross-schoenau.ac.at\/wordpress\/index.php?rest_route=%2Fwp%2Fv2%2Ftags&post=915"}],"curies":[{"name":"wp","href":"https:\/\/api.w.org\/{rel}","templated":true}]}}