{"id":2092,"date":"2025-10-16T18:23:45","date_gmt":"2025-10-16T18:23:45","guid":{"rendered":"https:\/\/vsgross-schoenau.ac.at\/wordpress\/?p=2092"},"modified":"2025-10-16T18:23:45","modified_gmt":"2025-10-16T18:23:45","slug":"natur-im-garten","status":"publish","type":"post","link":"https:\/\/vsgross-schoenau.ac.at\/wordpress\/?p=2092","title":{"rendered":"Natur im Garten"},"content":{"rendered":"\n<p>Die VS Gro\u00dfsch\u00f6nau durfte sich \u00fcber die Plakette &#8222;Natur im Garten&#8220; freuen, die sie k\u00fcrzlich erhielt. Die Initiative tr\u00e4gt dazu bei, dass Kinder und Jugendliche mehr Zeit in naturnah gestalteten Freir\u00e4umen verbringen k\u00f6nnen, die als Lern- und Erlebnisorte ihre physische, mentale und soziale Entwicklung f\u00f6rdern sowie f\u00fcr Umwelt-, Klima- und Artenschutz sensibilisieren.<br>Ein naturnaher und abwechslungsreich gestalteter Au\u00dfenraum bietet nicht nur Raum f\u00fcr Bewegung, Sinneseindr\u00fccke und Erholung, sondern f\u00f6rdert auch soziale Interaktion und handlungsorientiertes Lernen. Er eignet sich optimal f\u00fcr offene Lernformen und bereichert den Unterricht \u00fcber den Biologie- und Sachunterricht hinaus. In der fr\u00fchkindlichen Erziehung ist ein Naturgarten ein besonders wichtiger Lernraum, um die Umwelt mit allen Sinnen zu begreifen.<br>Naturnah ist ein Schul- oder Kindergarten-Garten dann, wenn er \u00f6kologisch bewirtschaftet und gestaltet ist. Naturgartenelemente und heimische Pflanzenarten, unversiegelte Fl\u00e4chen und n\u00fctzlingsfreundliche Strukturen m\u00fcssen vorhanden sein.<\/p>\n\n\n\n<figure class=\"wp-block-image size-large\"><img loading=\"lazy\" decoding=\"async\" width=\"1024\" height=\"888\" src=\"https:\/\/vsgross-schoenau.ac.at\/wordpress\/wp-content\/uploads\/2025\/10\/WhatsApp-Image-2025-10-15-at-12.17.06-1024x888.jpeg\" alt=\"\" class=\"wp-image-2093\" srcset=\"https:\/\/vsgross-schoenau.ac.at\/wordpress\/wp-content\/uploads\/2025\/10\/WhatsApp-Image-2025-10-15-at-12.17.06-1024x888.jpeg 1024w, https:\/\/vsgross-schoenau.ac.at\/wordpress\/wp-content\/uploads\/2025\/10\/WhatsApp-Image-2025-10-15-at-12.17.06-300x260.jpeg 300w, https:\/\/vsgross-schoenau.ac.at\/wordpress\/wp-content\/uploads\/2025\/10\/WhatsApp-Image-2025-10-15-at-12.17.06-768x666.jpeg 768w, https:\/\/vsgross-schoenau.ac.at\/wordpress\/wp-content\/uploads\/2025\/10\/WhatsApp-Image-2025-10-15-at-12.17.06-1536x1332.jpeg 1536w, https:\/\/vsgross-schoenau.ac.at\/wordpress\/wp-content\/uploads\/2025\/10\/WhatsApp-Image-2025-10-15-at-12.17.06.jpeg 1600w\" sizes=\"auto, (max-width: 1024px) 100vw, 1024px\" \/><\/figure>\n","protected":false},"excerpt":{"rendered":"<p>Die VS Gro\u00dfsch\u00f6nau durfte sich \u00fcber die Plakette &#8222;Natur im Garten&#8220; freuen, die sie k\u00fcrzlich erhielt. Die Initiative tr\u00e4gt dazu bei, dass Kinder und Jugendliche mehr Zeit in naturnah gestalteten Freir\u00e4umen verbringen k\u00f6nnen, die als Lern- und Erlebnisorte ihre physische, [&hellip;]<\/p>\n","protected":false},"author":1,"featured_media":2093,"comment_status":"closed","ping_status":"","sticky":false,"template":"","format":"standard","meta":{"footnotes":""},"categories":[24,21],"tags":[],"class_list":["post-2092","post","type-post","status-publish","format-standard","has-post-thumbnail","hentry","category-schuljahr-2025-2026","category-schwerpunkte"],"_links":{"self":[{"href":"https:\/\/vsgross-schoenau.ac.at\/wordpress\/index.php?rest_route=\/wp\/v2\/posts\/2092","targetHints":{"allow":["GET"]}}],"collection":[{"href":"https:\/\/vsgross-schoenau.ac.at\/wordpress\/index.php?rest_route=\/wp\/v2\/posts"}],"about":[{"href":"https:\/\/vsgross-schoenau.ac.at\/wordpress\/index.php?rest_route=\/wp\/v2\/types\/post"}],"author":[{"embeddable":true,"href":"https:\/\/vsgross-schoenau.ac.at\/wordpress\/index.php?rest_route=\/wp\/v2\/users\/1"}],"replies":[{"embeddable":true,"href":"https:\/\/vsgross-schoenau.ac.at\/wordpress\/index.php?rest_route=%2Fwp%2Fv2%2Fcomments&post=2092"}],"version-history":[{"count":1,"href":"https:\/\/vsgross-schoenau.ac.at\/wordpress\/index.php?rest_route=\/wp\/v2\/posts\/2092\/revisions"}],"predecessor-version":[{"id":2094,"href":"https:\/\/vsgross-schoenau.ac.at\/wordpress\/index.php?rest_route=\/wp\/v2\/posts\/2092\/revisions\/2094"}],"wp:featuredmedia":[{"embeddable":true,"href":"https:\/\/vsgross-schoenau.ac.at\/wordpress\/index.php?rest_route=\/wp\/v2\/media\/2093"}],"wp:attachment":[{"href":"https:\/\/vsgross-schoenau.ac.at\/wordpress\/index.php?rest_route=%2Fwp%2Fv2%2Fmedia&parent=2092"}],"wp:term":[{"taxonomy":"category","embeddable":true,"href":"https:\/\/vsgross-schoenau.ac.at\/wordpress\/index.php?rest_route=%2Fwp%2Fv2%2Fcategories&post=2092"},{"taxonomy":"post_tag","embeddable":true,"href":"https:\/\/vsgross-schoenau.ac.at\/wordpress\/index.php?rest_route=%2Fwp%2Fv2%2Ftags&post=2092"}],"curies":[{"name":"wp","href":"https:\/\/api.w.org\/{rel}","templated":true}]}}