{"id":1431,"date":"2024-05-28T14:02:39","date_gmt":"2024-05-28T14:02:39","guid":{"rendered":"https:\/\/vsgross-schoenau.ac.at\/wordpress\/?p=1431"},"modified":"2024-05-28T14:02:39","modified_gmt":"2024-05-28T14:02:39","slug":"weltmilchtag","status":"publish","type":"post","link":"https:\/\/vsgross-schoenau.ac.at\/wordpress\/?p=1431","title":{"rendered":"Weltmilchtag"},"content":{"rendered":"\n<p><span style=\"color: rgb(15, 71, 97); font-family: Calibri, sans-serif; font-size: 10pt; white-space-collapse: collapse;\">Am 01. Juni 2024 findet der Weltmilchtag statt. Mit diesem Aktionstag soll die Milch als nat\u00fcrliches und gesundes Getr\u00e4nk weltweit beworben werden.<\/span><p class=\"MsoNormal\" style=\"color: rgb(0, 0, 0); font-family: &quot;Times New Roman&quot;; font-size: 12px; white-space-collapse: collapse;\"><span style=\"font-size: 10pt; font-family: Calibri, sans-serif; color: rgb(15, 71, 97);\">Deshalb besuchte gesch\u00e4ftsf\u00fchrende Gemeinder\u00e4tin und B\u00e4uerin Maria Strondl aus der Gemeinde Gro\u00dfsch\u00f6nau die Kinder der VS Gro\u00dfsch\u00f6nau und erz\u00e4hlte den Kindern Wissenswertes \u00fcber die Milch. Milch enth\u00e4lt Kalzium, das zum Knochenaufbau wichtig ist. Das Getr\u00e4nk beinhaltet au\u00dferdem Aminos\u00e4uren, die f\u00fcr den K\u00f6rperzellenaufbau ben\u00f6tigt werden. Auch darauf soll der Weltmilchtag hinweisen. Als Geschenk erhielten die Kinder ein kleines Latella.<\/span><\/p><p class=\"MsoNormal\" style=\"color: rgb(0, 0, 0); font-family: &quot;Times New Roman&quot;; font-size: 12px; white-space-collapse: collapse;\"><span style=\"font-size: 10pt; font-family: Calibri, sans-serif; color: rgb(15, 71, 97);\">\u00a0<\/span><\/p><p class=\"MsoNormal\" style=\"color: rgb(0, 0, 0); font-family: &quot;Times New Roman&quot;; font-size: 12px; white-space-collapse: collapse;\"><span style=\"font-size: 10pt; font-family: Calibri, sans-serif; color: rgb(15, 71, 97);\">Am Bild: gfGR Maria Strondl, Klassenlehrerin Claudia Stulik, Berger Jakob, Bruckner Oliver, Fe\u00dfl Simon, Haslinger Elina, Herzog Carolina, Huber Moritz, Kirichko Kiril, Kranz Anna, Maierhofer Josef, Neugschwandtner Lisa, Pelikan Leonard, Pell Eva, Poiss Timo, Ranftl Anja, Seidl Magdalena<\/span><\/p><\/p>\n\n\n\n<figure class=\"wp-block-image size-large\"><img loading=\"lazy\" decoding=\"async\" width=\"1024\" height=\"768\" src=\"https:\/\/vsgross-schoenau.ac.at\/wordpress\/wp-content\/uploads\/2024\/05\/IMG_5619-1024x768.jpg\" alt=\"\" class=\"wp-image-1432\" srcset=\"https:\/\/vsgross-schoenau.ac.at\/wordpress\/wp-content\/uploads\/2024\/05\/IMG_5619-1024x768.jpg 1024w, https:\/\/vsgross-schoenau.ac.at\/wordpress\/wp-content\/uploads\/2024\/05\/IMG_5619-300x225.jpg 300w, https:\/\/vsgross-schoenau.ac.at\/wordpress\/wp-content\/uploads\/2024\/05\/IMG_5619-768x576.jpg 768w, https:\/\/vsgross-schoenau.ac.at\/wordpress\/wp-content\/uploads\/2024\/05\/IMG_5619-1536x1152.jpg 1536w, https:\/\/vsgross-schoenau.ac.at\/wordpress\/wp-content\/uploads\/2024\/05\/IMG_5619-2048x1536.jpg 2048w\" sizes=\"auto, (max-width: 1024px) 100vw, 1024px\" \/><\/figure>\n","protected":false},"excerpt":{"rendered":"<p>Am 01. Juni 2024 findet der Weltmilchtag statt. Mit diesem Aktionstag soll die Milch als nat\u00fcrliches und gesundes Getr\u00e4nk weltweit beworben werden. Deshalb besuchte gesch\u00e4ftsf\u00fchrende Gemeinder\u00e4tin und B\u00e4uerin Maria Strondl aus der Gemeinde Gro\u00dfsch\u00f6nau die Kinder der VS Gro\u00dfsch\u00f6nau und [&hellip;]<\/p>\n","protected":false},"author":1,"featured_media":1432,"comment_status":"closed","ping_status":"closed","sticky":false,"template":"","format":"standard","meta":{"footnotes":""},"categories":[19],"tags":[],"class_list":["post-1431","post","type-post","status-publish","format-standard","has-post-thumbnail","hentry","category-schuljahr-2023-2024"],"_links":{"self":[{"href":"https:\/\/vsgross-schoenau.ac.at\/wordpress\/index.php?rest_route=\/wp\/v2\/posts\/1431","targetHints":{"allow":["GET"]}}],"collection":[{"href":"https:\/\/vsgross-schoenau.ac.at\/wordpress\/index.php?rest_route=\/wp\/v2\/posts"}],"about":[{"href":"https:\/\/vsgross-schoenau.ac.at\/wordpress\/index.php?rest_route=\/wp\/v2\/types\/post"}],"author":[{"embeddable":true,"href":"https:\/\/vsgross-schoenau.ac.at\/wordpress\/index.php?rest_route=\/wp\/v2\/users\/1"}],"replies":[{"embeddable":true,"href":"https:\/\/vsgross-schoenau.ac.at\/wordpress\/index.php?rest_route=%2Fwp%2Fv2%2Fcomments&post=1431"}],"version-history":[{"count":1,"href":"https:\/\/vsgross-schoenau.ac.at\/wordpress\/index.php?rest_route=\/wp\/v2\/posts\/1431\/revisions"}],"predecessor-version":[{"id":1433,"href":"https:\/\/vsgross-schoenau.ac.at\/wordpress\/index.php?rest_route=\/wp\/v2\/posts\/1431\/revisions\/1433"}],"wp:featuredmedia":[{"embeddable":true,"href":"https:\/\/vsgross-schoenau.ac.at\/wordpress\/index.php?rest_route=\/wp\/v2\/media\/1432"}],"wp:attachment":[{"href":"https:\/\/vsgross-schoenau.ac.at\/wordpress\/index.php?rest_route=%2Fwp%2Fv2%2Fmedia&parent=1431"}],"wp:term":[{"taxonomy":"category","embeddable":true,"href":"https:\/\/vsgross-schoenau.ac.at\/wordpress\/index.php?rest_route=%2Fwp%2Fv2%2Fcategories&post=1431"},{"taxonomy":"post_tag","embeddable":true,"href":"https:\/\/vsgross-schoenau.ac.at\/wordpress\/index.php?rest_route=%2Fwp%2Fv2%2Ftags&post=1431"}],"curies":[{"name":"wp","href":"https:\/\/api.w.org\/{rel}","templated":true}]}}